{"id":1506,"date":"2016-04-28T20:09:24","date_gmt":"2016-04-28T19:09:24","guid":{"rendered":"http:\/\/www.ff-rinn.at\/?p=1506"},"modified":"2016-04-28T20:13:27","modified_gmt":"2016-04-28T19:13:27","slug":"information-zur-grossuebung-in-aldrans","status":"publish","type":"post","link":"https:\/\/www.ff-rinn.at\/?p=1506","title":{"rendered":"Information zur Gro\u00df\u00fcbung in Aldrans"},"content":{"rendered":"<p>Kommenden Samstag, den 30.04.2016 findet die Bezirkshubschrauber\u00fcbung in Aldrans statt. Bei dieser \u00dcbung wird ein Gro\u00dfschadensereignis als \u00dcbungsszenario herangezogen und in Zusammenarbeit mit diversen Blaulichtorganisationen sowie mit dem Bundesheer abgearbeitet.<\/p>\n<p>Im Zuge dieser \u00dcbung gibt es auch einige Verkehrseinschr\u00e4nkungen im Ortsgebiet.<\/p>\n<p>Ab ca. 13:00 Uhr wird die Rinner Stra\u00dfe vom M-Preis bis zum Kreisverkehr in Fagslung gesperrt. Die Zufahrt vom M-Preis bis zum S\u00e4gewerk Dollinger ist nur mehr Anrainern gestattet. Ab dem S\u00e4gewerk Dollinger bis zum Kreisverkehr in Fagslung gibt es ein absolutes Fahrverbot in beide Fahrtrichtungen. S\u00e4mtlicher Verkehr f\u00e4hrt bis zum Abschluss der \u00dcbung um ca. 16:00 Uhr \u00fcber Lans\/Sistrans. Auf dem Weg vom Ger\u00e4tehaus Aldrans bis zum Altersheim ist mit Blaulichtverkehr zu rechnen. Weiters ist die Zufahrt zu den Prockenh\u00f6fen nur \u00fcber die Aste m\u00f6glich, da ab dem Kiosk ebenfalls ein absolutes Fahrverbot besteht.<\/p>\n<p>Ebenso ist die L38 von ca. 10.00 Uhr bis ca. 12:30 Uhr von Ampass Richtung Aldrans ab dem Ortsbeginn Aldrans in beiden Richtungen gesperrt. Fahrzeuge in dieser Zeit m\u00fcssen \u00fcber Innsbruck nach Aldrans fahren! Wir bitten um Verst\u00e4ndnis, erh\u00f6hte Aufmerksamkeit am \u00dcbungstag und um Beachtung der Sperren.<\/p>\n<img decoding=\"async\" src=\"http:\/\/www.ff-rinn.at\/wp-content\/uploads\/2016\/04\/IMG_51901.jpg\" class=\"img-responsive oscitas-res-image\" alt=\"\">\n<p>F\u00fcr Fragen steht die Ortsfeuerwehr Aldrans gerne jederzeit bereit: <a href=\"mailto:office@ff-aldrans.com\">office@ff-aldrans.com<\/a><\/p>\n","protected":false},"excerpt":{"rendered":"<p>Kommenden Samstag, den 30.04.2016 findet die Bezirkshubschrauber\u00fcbung in Aldrans statt. Bei dieser \u00dcbung wird ein Gro\u00dfschadensereignis als \u00dcbungsszenario herangezogen und in Zusammenarbeit mit diversen Blaulichtorganisationen sowie mit dem Bundesheer abgearbeitet. Im Zuge dieser \u00dcbung gibt es auch einige Verkehrseinschr\u00e4nkungen im Ortsgebiet. Ab ca. 13:00 Uhr wird die Rinner Stra\u00dfe vom M-Preis bis zum Kreisverkehr in [&hellip;]<\/p>\n","protected":false},"author":3,"featured_media":1507,"comment_status":"open","ping_status":"open","sticky":false,"template":"","format":"standard","meta":{"_acf_changed":false,"ngg_post_thumbnail":0,"footnotes":""},"categories":[1],"tags":[],"class_list":["post-1506","post","type-post","status-publish","format-standard","has-post-thumbnail","hentry","category-allgemein"],"acf":[],"_links":{"self":[{"href":"https:\/\/www.ff-rinn.at\/index.php?rest_route=\/wp\/v2\/posts\/1506","targetHints":{"allow":["GET"]}}],"collection":[{"href":"https:\/\/www.ff-rinn.at\/index.php?rest_route=\/wp\/v2\/posts"}],"about":[{"href":"https:\/\/www.ff-rinn.at\/index.php?rest_route=\/wp\/v2\/types\/post"}],"author":[{"embeddable":true,"href":"https:\/\/www.ff-rinn.at\/index.php?rest_route=\/wp\/v2\/users\/3"}],"replies":[{"embeddable":true,"href":"https:\/\/www.ff-rinn.at\/index.php?rest_route=%2Fwp%2Fv2%2Fcomments&post=1506"}],"version-history":[{"count":4,"href":"https:\/\/www.ff-rinn.at\/index.php?rest_route=\/wp\/v2\/posts\/1506\/revisions"}],"predecessor-version":[{"id":1512,"href":"https:\/\/www.ff-rinn.at\/index.php?rest_route=\/wp\/v2\/posts\/1506\/revisions\/1512"}],"wp:featuredmedia":[{"embeddable":true,"href":"https:\/\/www.ff-rinn.at\/index.php?rest_route=\/wp\/v2\/media\/1507"}],"wp:attachment":[{"href":"https:\/\/www.ff-rinn.at\/index.php?rest_route=%2Fwp%2Fv2%2Fmedia&parent=1506"}],"wp:term":[{"taxonomy":"category","embeddable":true,"href":"https:\/\/www.ff-rinn.at\/index.php?rest_route=%2Fwp%2Fv2%2Fcategories&post=1506"},{"taxonomy":"post_tag","embeddable":true,"href":"https:\/\/www.ff-rinn.at\/index.php?rest_route=%2Fwp%2Fv2%2Ftags&post=1506"}],"curies":[{"name":"wp","href":"https:\/\/api.w.org\/{rel}","templated":true}]}}